{"id":90297,"date":"2020-10-08T01:45:48","date_gmt":"2020-10-08T09:45:48","guid":{"rendered":"https:\/\/www.solargard.com\/?p=90297"},"modified":"2020-11-19T06:41:39","modified_gmt":"2020-11-19T14:41:39","slug":"reunion-prescription-a-mulhouse","status":"publish","type":"post","link":"https:\/\/www.solargard.com\/fr\/blog-fr\/reunion-prescription-a-mulhouse\/","title":{"rendered":"\u00ab\u00a0Tour de France Solar Gard\u00a0\u00bb \u00e0 Mulhouse"},"content":{"rendered":"<h3><span><img loading=\"lazy\" decoding=\"async\" class=\"aligncenter wp-image-90328 size-full\" src=\"https:\/\/www.solargard.com\/wp-content\/uploads\/2020\/10\/mulhouse-event-tour-de-france-cv-1.jpg\" alt=\"\" width=\"1200\" height=\"701\" srcset=\"https:\/\/www.solargard.com\/wp-content\/uploads\/2020\/10\/mulhouse-event-tour-de-france-cv-1.jpg 1200w, https:\/\/www.solargard.com\/wp-content\/uploads\/2020\/10\/mulhouse-event-tour-de-france-cv-1-300x175.jpg 300w, https:\/\/www.solargard.com\/wp-content\/uploads\/2020\/10\/mulhouse-event-tour-de-france-cv-1-1024x598.jpg 1024w, https:\/\/www.solargard.com\/wp-content\/uploads\/2020\/10\/mulhouse-event-tour-de-france-cv-1-768x449.jpg 768w, https:\/\/www.solargard.com\/wp-content\/uploads\/2020\/10\/mulhouse-event-tour-de-france-cv-1-163x95.jpg 163w, https:\/\/www.solargard.com\/wp-content\/uploads\/2020\/10\/mulhouse-event-tour-de-france-cv-1-600x351.jpg 600w\" sizes=\"auto, (max-width: 1200px) 100vw, 1200px\" \/>Le\u00a0\u00ab Tour de France \u00bb organis\u00e9e par notre partenaire\u00a0<a href=\"https:\/\/www.ideesplusconcept.fr\/\" target=\"_blank\" rel=\"noopener noreferrer\">IDEES PLUS CONCEPT<\/a>\u00a0continue !<\/span><\/h3>\n<p>SAINT-GOBAIN SOLAR GARD \u00e9tait pr\u00e9sent \u00e0 la r\u00e9union ID\u00c9ES PLUS CONCEPT de Mulhouse. <a href=\"https:\/\/www.linkedin.com\/in\/claude-verniory-91ba6855\/\" target=\"_blank\" rel=\"noopener noreferrer\">Claude Verniory<\/a>, notre responsable de march\u00e9 a expos\u00e9 les solutions d&rsquo;am\u00e9lioration de la performance des vitrages. La r\u00e9novation \u00e9nerg\u00e9tique des b\u00e2timents est plus que jamais d&rsquo;actualit\u00e9. Conserver les fen\u00eatres qui sont en bon \u00e9tat et leurs donner une nouvelle vie est une d\u00e9marche \u00e9cologique intelligente. Notre PREMIUM PARTNER <strong><a href=\"http:\/\/www.ory.fr\/films.php\" target=\"_blank\" rel=\"noopener noreferrer\">la soci\u00e9t\u00e9 ORY<\/a><\/strong><span>,<\/span> \u00e9tait \u00e9galement pr\u00e9sente pour \u00e9changer avec les invit\u00e9s.<\/p>\n<p><em>La r\u00e9union prescription \u00e0 Mulhouse, 7 octobre 2020, en photos :<\/em><\/p>\n<p><img loading=\"lazy\" decoding=\"async\" class=\"aligncenter size-full wp-image-90358\" src=\"https:\/\/www.solargard.com\/wp-content\/uploads\/2020\/10\/MULHOUSE-7-OCT-20.jpg\" alt=\"\" width=\"1800\" height=\"439\" srcset=\"https:\/\/www.solargard.com\/wp-content\/uploads\/2020\/10\/MULHOUSE-7-OCT-20.jpg 1800w, https:\/\/www.solargard.com\/wp-content\/uploads\/2020\/10\/MULHOUSE-7-OCT-20-300x73.jpg 300w, https:\/\/www.solargard.com\/wp-content\/uploads\/2020\/10\/MULHOUSE-7-OCT-20-1024x250.jpg 1024w, https:\/\/www.solargard.com\/wp-content\/uploads\/2020\/10\/MULHOUSE-7-OCT-20-768x187.jpg 768w, https:\/\/www.solargard.com\/wp-content\/uploads\/2020\/10\/MULHOUSE-7-OCT-20-1536x375.jpg 1536w, https:\/\/www.solargard.com\/wp-content\/uploads\/2020\/10\/MULHOUSE-7-OCT-20-190x46.jpg 190w, https:\/\/www.solargard.com\/wp-content\/uploads\/2020\/10\/MULHOUSE-7-OCT-20-600x146.jpg 600w\" sizes=\"auto, (max-width: 1800px) 100vw, 1800px\" \/><\/p>\n<p>Le tour de France continue, prochaine conf\u00e9rence : Paris !<\/p>\n<hr \/>\n<h3><span>Les dates et lieux 2020<\/span><\/h3>\n<p><span style=\"color: #000000;\">14 sept \u2013 Bordeaux<\/span><br \/>\n<span style=\"color: #000000;\">5 oct \u2013 Metz<\/span><br \/>\n<span style=\"color: #000000;\">7 oct \u2013 Mulhouse<\/span><br \/>\n<span style=\"color: #000000;\">15 oct \u2013 Paris<\/span><br \/>\n<span style=\"color: #000000;\">18 nov \u2013 Marseille<\/span><br \/>\n<span style=\"color: #000000;\">25 nov \u2013 Saint Etienne<\/span><\/p>\n<hr \/>\n<p>Des architectes et des thermiciens ont d\u00e9couvert que nos solutions d\u2019am\u00e9lioration des performances du verre ont du sens. Rien que sur le plan \u00e9cologique, \u00e9viter de changer une fen\u00eatre en bon \u00e9tat en am\u00e9liorant la performance du verre est une sage d\u00e9cision. C\u2019est aussi une solution \u00e9conomique, bref, que de nombreux avantages.<\/p>\n<p>Les films SAINT-GOBAIN SOLAR GARD apportent<\/p>\n<ul>\n<li>plus de confort d\u2019\u00e9t\u00e9,<\/li>\n<li>de confort d\u2019hiver,<\/li>\n<li>de tranquillit\u00e9 d\u2019esprit avec les solutions de s\u00e9curit\u00e9 et anti graffiti.<\/li>\n<\/ul>\n<p><span>Les invit\u00e9s ont appr\u00e9ci\u00e9s la qualit\u00e9 de nos films sous avis technique du\u00a0<strong>CSTB<\/strong>, des \u00e9tudes technique \u00ab Vitrages D\u00e9cision \u00bb du\u00a0<strong>CEBTP<\/strong>\u00a0permettant de connaitre le coefficient d\u2019am\u00e9lioration de la performance de vitrage et le respect du DTU 39 ainsi que le s\u00e9rieux de notre r\u00e9seau d\u2019applicateurs\u00a0<strong>Premium Partner !\u00a0<\/strong><\/span><a href=\"https:\/\/www.solargard.com\/fr\/premium-partners\/\">www.solargard.com\/fr\/premium-partners\/<\/a><\/p>\n<p>Consulter vite notre site internet<span>\u00a0<\/span><a href=\"https:\/\/www.solargard.com\/fr\">www.solargard.com\/fr<\/a><span>\u00a0<\/span>et n\u2019h\u00e9sitez pas \u00e0 contacter Claude Verniory\u00a0:<span>\u00a0<\/span><a href=\"mailto:claude.verniory@saint-gobain.com\">claude.verniory@saint-gobain.com<\/a><\/p>\n","protected":false},"excerpt":{"rendered":"<p>Le\u00a0\u00ab Tour de France \u00bb organis\u00e9e par notre partenaire\u00a0IDEES PLUS CONCEPT\u00a0continue ! SAINT-GOBAIN SOLAR GARD \u00e9tait pr\u00e9sent \u00e0 la r\u00e9union ID\u00c9ES PLUS CONCEPT de Mulhouse. Claude Verniory, notre responsable de march\u00e9 a expos\u00e9 les solutions d&rsquo;am\u00e9lioration de la performance des vitrages. La r\u00e9novation \u00e9nerg\u00e9tique des b\u00e2timents est plus que jamais d&rsquo;actualit\u00e9. Conserver les fen\u00eatres qui &hellip; <a href=\"https:\/\/www.solargard.com\/fr\/blog-fr\/reunion-prescription-a-mulhouse\/\">Continued<\/a><\/p>\n","protected":false},"author":3,"featured_media":90343,"comment_status":"open","ping_status":"open","sticky":false,"template":"","format":"standard","meta":{"_acf_changed":false,"footnotes":""},"categories":[2,1739],"tags":[],"class_list":["post-90297","post","type-post","status-publish","format-standard","has-post-thumbnail","hentry","category-blog-fr","category-in-the-news-fr"],"acf":[],"_links":{"self":[{"href":"https:\/\/www.solargard.com\/fr\/wp-json\/wp\/v2\/posts\/90297","targetHints":{"allow":["GET"]}}],"collection":[{"href":"https:\/\/www.solargard.com\/fr\/wp-json\/wp\/v2\/posts"}],"about":[{"href":"https:\/\/www.solargard.com\/fr\/wp-json\/wp\/v2\/types\/post"}],"author":[{"embeddable":true,"href":"https:\/\/www.solargard.com\/fr\/wp-json\/wp\/v2\/users\/3"}],"replies":[{"embeddable":true,"href":"https:\/\/www.solargard.com\/fr\/wp-json\/wp\/v2\/comments?post=90297"}],"version-history":[{"count":0,"href":"https:\/\/www.solargard.com\/fr\/wp-json\/wp\/v2\/posts\/90297\/revisions"}],"wp:featuredmedia":[{"embeddable":true,"href":"https:\/\/www.solargard.com\/fr\/wp-json\/wp\/v2\/media\/90343"}],"wp:attachment":[{"href":"https:\/\/www.solargard.com\/fr\/wp-json\/wp\/v2\/media?parent=90297"}],"wp:term":[{"taxonomy":"category","embeddable":true,"href":"https:\/\/www.solargard.com\/fr\/wp-json\/wp\/v2\/categories?post=90297"},{"taxonomy":"post_tag","embeddable":true,"href":"https:\/\/www.solargard.com\/fr\/wp-json\/wp\/v2\/tags?post=90297"}],"curies":[{"name":"wp","href":"https:\/\/api.w.org\/{rel}","templated":true}]}}