{"id":97176,"date":"2022-06-13T22:33:04","date_gmt":"2022-06-14T06:33:04","guid":{"rendered":"https:\/\/www.solargard.com\/?p=97176"},"modified":"2022-06-13T22:44:11","modified_gmt":"2022-06-14T06:44:11","slug":"la-reunion-re2020-at-saint-gobain-solutions","status":"publish","type":"post","link":"https:\/\/www.solargard.com\/fr\/blog-fr\/la-reunion-re2020-at-saint-gobain-solutions\/","title":{"rendered":"La r\u00e9union RE2020 at Saint-Gobain Solutions\u00a0France"},"content":{"rendered":"<h1><img loading=\"lazy\" decoding=\"async\" class=\"alignnone wp-image-97171 \" src=\"https:\/\/www.solargard.com\/wp-content\/uploads\/2022\/06\/000-la-re\u0301union-RE2020.jpg\" alt=\"\" width=\"1001\" height=\"486\" srcset=\"https:\/\/www.solargard.com\/wp-content\/uploads\/2022\/06\/000-la-re\u0301union-RE2020.jpg 1599w, https:\/\/www.solargard.com\/wp-content\/uploads\/2022\/06\/000-la-re\u0301union-RE2020-300x146.jpg 300w, https:\/\/www.solargard.com\/wp-content\/uploads\/2022\/06\/000-la-re\u0301union-RE2020-1024x498.jpg 1024w, https:\/\/www.solargard.com\/wp-content\/uploads\/2022\/06\/000-la-re\u0301union-RE2020-768x373.jpg 768w, https:\/\/www.solargard.com\/wp-content\/uploads\/2022\/06\/000-la-re\u0301union-RE2020-1536x746.jpg 1536w, https:\/\/www.solargard.com\/wp-content\/uploads\/2022\/06\/000-la-re\u0301union-RE2020-190x92.jpg 190w, https:\/\/www.solargard.com\/wp-content\/uploads\/2022\/06\/000-la-re\u0301union-RE2020-600x292.jpg 600w\" sizes=\"auto, (max-width: 1001px) 100vw, 1001px\" \/><span>\u00a0<\/span><br \/>\n<span><\/span><\/h1>\n<p><span>Solar Gard invit\u00e9 par SAINT-GOBAIN SOLUTIONS France.<\/span><br \/>\n<span>\u00a0<\/span><br \/>\n<a href=\"https:\/\/www.linkedin.com\/in\/ACoAACnoimgBmqXD--xRDCn_mIN4gN6t7ue4aSk\" data-attribute-index=\"2\" data-entity-hovercard-id=\"urn:li:fs_miniProfile:ACoAACnoimgBmqXD--xRDCn_mIN4gN6t7ue4aSk\" data-entity-type=\"MINI_PROFILE\" target=\"_blank\" rel=\"noopener\">Ludovic TORTOSA<\/a><span>\u00a0et\u00a0<\/span><a href=\"https:\/\/www.linkedin.com\/in\/ACoAAAu5qScBKLcbRfD4NniCTTEA_YJiwbR6O70\" data-attribute-index=\"4\" data-entity-hovercard-id=\"urn:li:fs_miniProfile:ACoAAAu5qScBKLcbRfD4NniCTTEA_YJiwbR6O70\" data-entity-type=\"MINI_PROFILE\" target=\"_blank\" rel=\"noopener\">Claude VERNIORY<\/a><span>\u00a0ont eu le plaisir d\u2019assister \u00e0 cette grande r\u00e9union organis\u00e9e par\u00a0<\/span><a href=\"https:\/\/www.linkedin.com\/company\/saint-gobain\/\" data-attribute-index=\"6\" data-entity-hovercard-id=\"urn:li:fs_miniCompany:2981\" data-entity-type=\"MINI_COMPANY\" target=\"_blank\" rel=\"noopener\">Saint-Gobain<\/a><span>. Apr\u00e8s les conf\u00e9rences, ils ont expliqu\u00e9 aux visiteurs qu\u2019il est possible d\u2019am\u00e9liorer le confort d\u2019\u00e9t\u00e9 des vitrages \u00e0 l\u2019aide des films de haute technologie Solar Gard. C\u2019est une solution totalement dans l\u2019air du temps. Recycler c\u2019est bien, donner une seconde vie aux objets, c\u2019est encore mieux\u00a0!<\/span><\/p>\n<p><span>\u00a0<\/span><img loading=\"lazy\" decoding=\"async\" class=\"alignnone wp-image-97172\" src=\"https:\/\/www.solargard.com\/wp-content\/uploads\/2022\/06\/020-la-re\u0301union-RE2020-300x146.jpg\" alt=\"\" width=\"525\" height=\"255\" srcset=\"https:\/\/www.solargard.com\/wp-content\/uploads\/2022\/06\/020-la-re\u0301union-RE2020-300x146.jpg 300w, https:\/\/www.solargard.com\/wp-content\/uploads\/2022\/06\/020-la-re\u0301union-RE2020-1024x498.jpg 1024w, https:\/\/www.solargard.com\/wp-content\/uploads\/2022\/06\/020-la-re\u0301union-RE2020-768x373.jpg 768w, https:\/\/www.solargard.com\/wp-content\/uploads\/2022\/06\/020-la-re\u0301union-RE2020-1536x746.jpg 1536w, https:\/\/www.solargard.com\/wp-content\/uploads\/2022\/06\/020-la-re\u0301union-RE2020-190x92.jpg 190w, https:\/\/www.solargard.com\/wp-content\/uploads\/2022\/06\/020-la-re\u0301union-RE2020-600x292.jpg 600w, https:\/\/www.solargard.com\/wp-content\/uploads\/2022\/06\/020-la-re\u0301union-RE2020.jpg 1599w\" sizes=\"auto, (max-width: 525px) 100vw, 525px\" \/> <img loading=\"lazy\" decoding=\"async\" class=\"alignnone  wp-image-97174\" src=\"https:\/\/www.solargard.com\/wp-content\/uploads\/2022\/06\/1-la-re\u0301union-RE2020-192x300.jpg\" alt=\"\" width=\"163\" height=\"255\" srcset=\"https:\/\/www.solargard.com\/wp-content\/uploads\/2022\/06\/1-la-re\u0301union-RE2020-192x300.jpg 192w, https:\/\/www.solargard.com\/wp-content\/uploads\/2022\/06\/1-la-re\u0301union-RE2020-656x1024.jpg 656w, https:\/\/www.solargard.com\/wp-content\/uploads\/2022\/06\/1-la-re\u0301union-RE2020-61x95.jpg 61w, https:\/\/www.solargard.com\/wp-content\/uploads\/2022\/06\/1-la-re\u0301union-RE2020-600x937.jpg 600w, https:\/\/www.solargard.com\/wp-content\/uploads\/2022\/06\/1-la-re\u0301union-RE2020.jpg 720w\" sizes=\"auto, (max-width: 163px) 100vw, 163px\" \/><\/p>\n<p><img loading=\"lazy\" decoding=\"async\" class=\"alignnone  wp-image-97177\" src=\"https:\/\/www.solargard.com\/wp-content\/uploads\/2022\/06\/00-la-re\u0301union-RE2020-300x225.jpg\" alt=\"\" width=\"270\" height=\"203\" srcset=\"https:\/\/www.solargard.com\/wp-content\/uploads\/2022\/06\/00-la-re\u0301union-RE2020-300x225.jpg 300w, https:\/\/www.solargard.com\/wp-content\/uploads\/2022\/06\/00-la-re\u0301union-RE2020-1024x768.jpg 1024w, https:\/\/www.solargard.com\/wp-content\/uploads\/2022\/06\/00-la-re\u0301union-RE2020-768x576.jpg 768w, https:\/\/www.solargard.com\/wp-content\/uploads\/2022\/06\/00-la-re\u0301union-RE2020-1536x1152.jpg 1536w, https:\/\/www.solargard.com\/wp-content\/uploads\/2022\/06\/00-la-re\u0301union-RE2020-640x480.jpg 640w, https:\/\/www.solargard.com\/wp-content\/uploads\/2022\/06\/00-la-re\u0301union-RE2020-127x95.jpg 127w, https:\/\/www.solargard.com\/wp-content\/uploads\/2022\/06\/00-la-re\u0301union-RE2020-600x450.jpg 600w, https:\/\/www.solargard.com\/wp-content\/uploads\/2022\/06\/00-la-re\u0301union-RE2020.jpg 1600w\" sizes=\"auto, (max-width: 270px) 100vw, 270px\" \/>\u00a0<img loading=\"lazy\" decoding=\"async\" class=\"alignnone wp-image-97173\" src=\"https:\/\/www.solargard.com\/wp-content\/uploads\/2022\/06\/00-la-re\u0301union-RE2020-1-225x300.jpg\" alt=\"\" width=\"152\" height=\"203\" srcset=\"https:\/\/www.solargard.com\/wp-content\/uploads\/2022\/06\/00-la-re\u0301union-RE2020-1-225x300.jpg 225w, https:\/\/www.solargard.com\/wp-content\/uploads\/2022\/06\/00-la-re\u0301union-RE2020-1-768x1024.jpg 768w, https:\/\/www.solargard.com\/wp-content\/uploads\/2022\/06\/00-la-re\u0301union-RE2020-1-1152x1536.jpg 1152w, https:\/\/www.solargard.com\/wp-content\/uploads\/2022\/06\/00-la-re\u0301union-RE2020-1-480x640.jpg 480w, https:\/\/www.solargard.com\/wp-content\/uploads\/2022\/06\/00-la-re\u0301union-RE2020-1-71x95.jpg 71w, https:\/\/www.solargard.com\/wp-content\/uploads\/2022\/06\/00-la-re\u0301union-RE2020-1-600x800.jpg 600w, https:\/\/www.solargard.com\/wp-content\/uploads\/2022\/06\/00-la-re\u0301union-RE2020-1.jpg 1200w\" sizes=\"auto, (max-width: 152px) 100vw, 152px\" \/><img loading=\"lazy\" decoding=\"async\" class=\"alignnone  wp-image-97181\" src=\"https:\/\/www.solargard.com\/wp-content\/uploads\/2022\/06\/010-la-re\u0301union-RE2020-300x225.jpg\" alt=\"\" width=\"270\" height=\"203\" srcset=\"https:\/\/www.solargard.com\/wp-content\/uploads\/2022\/06\/010-la-re\u0301union-RE2020-300x225.jpg 300w, https:\/\/www.solargard.com\/wp-content\/uploads\/2022\/06\/010-la-re\u0301union-RE2020-1024x768.jpg 1024w, https:\/\/www.solargard.com\/wp-content\/uploads\/2022\/06\/010-la-re\u0301union-RE2020-768x576.jpg 768w, https:\/\/www.solargard.com\/wp-content\/uploads\/2022\/06\/010-la-re\u0301union-RE2020-1536x1152.jpg 1536w, https:\/\/www.solargard.com\/wp-content\/uploads\/2022\/06\/010-la-re\u0301union-RE2020-640x480.jpg 640w, https:\/\/www.solargard.com\/wp-content\/uploads\/2022\/06\/010-la-re\u0301union-RE2020-127x95.jpg 127w, https:\/\/www.solargard.com\/wp-content\/uploads\/2022\/06\/010-la-re\u0301union-RE2020-600x450.jpg 600w, https:\/\/www.solargard.com\/wp-content\/uploads\/2022\/06\/010-la-re\u0301union-RE2020.jpg 1600w\" sizes=\"auto, (max-width: 270px) 100vw, 270px\" \/><\/p>\n<p><span>Claude et Ludovic ont appr\u00e9ci\u00e9 qualit\u00e9 et la pertinence des interventions de\u00a0<\/span><a href=\"https:\/\/www.linkedin.com\/in\/ACoAAAIhSLMB0Fjjv8bpstg73YPZ2Hn9OL3YE78\" data-attribute-index=\"8\" data-entity-hovercard-id=\"urn:li:fs_miniProfile:ACoAAAIhSLMB0Fjjv8bpstg73YPZ2Hn9OL3YE78\" data-entity-type=\"MINI_PROFILE\" target=\"_blank\" rel=\"noopener\">Julien Hans<\/a><span>\u00a0<\/span><a href=\"https:\/\/www.linkedin.com\/in\/ACoAAA4J0EEBVoM_f_utXjQa6NXXHQxC7d2R-R0\" data-attribute-index=\"10\" data-entity-hovercard-id=\"urn:li:fs_miniProfile:ACoAAA4J0EEBVoM_f_utXjQa6NXXHQxC7d2R-R0\" data-entity-type=\"MINI_PROFILE\" target=\"_blank\" rel=\"noopener\">Olivier Servant<\/a><span>\u00a0<\/span><a href=\"https:\/\/www.linkedin.com\/in\/ACoAAAsE5noBzw_ZH3a_Y2vOLaZVu8tNmOXpBQg\" data-attribute-index=\"12\" data-entity-hovercard-id=\"urn:li:fs_miniProfile:ACoAAAsE5noBzw_ZH3a_Y2vOLaZVu8tNmOXpBQg\" data-entity-type=\"MINI_PROFILE\" target=\"_blank\" rel=\"noopener\">Caroline Lestournelle<\/a><span>\u00a0<\/span><a href=\"https:\/\/www.linkedin.com\/in\/ACoAAA-toHABMnFWhm5Hr6hOiQ5H-sLs2hQf2U0\" data-attribute-index=\"14\" data-entity-hovercard-id=\"urn:li:fs_miniProfile:ACoAAA-toHABMnFWhm5Hr6hOiQ5H-sLs2hQf2U0\" data-entity-type=\"MINI_PROFILE\" target=\"_blank\" rel=\"noopener\">Frank DREIDEMIE<\/a><span>\u00a0<\/span><a href=\"https:\/\/www.linkedin.com\/in\/ACoAABAa3LwBAAs77Tb2xYrRRviexYgYdB7QG68\" data-attribute-index=\"16\" data-entity-hovercard-id=\"urn:li:fs_miniProfile:ACoAABAa3LwBAAs77Tb2xYrRRviexYgYdB7QG68\" data-entity-type=\"MINI_PROFILE\" target=\"_blank\" rel=\"noopener\">Lucile Kotler &#8211; Charbonnier<\/a><span>\u00a0<\/span><a href=\"https:\/\/www.linkedin.com\/in\/ACoAAAOwgc8BUFslLVYGANL3HF7G4MaQq0hp784\" data-attribute-index=\"18\" data-entity-hovercard-id=\"urn:li:fs_miniProfile:ACoAAAOwgc8BUFslLVYGANL3HF7G4MaQq0hp784\" data-entity-type=\"MINI_PROFILE\" target=\"_blank\" rel=\"noopener\">B\u00e9atrice Vessiller<\/a><span>\u00a0<\/span><a href=\"https:\/\/www.linkedin.com\/in\/ACoAABD0568B1-V4kK5C7BWYweic8XLJT1c6HwI\" data-attribute-index=\"20\" data-entity-hovercard-id=\"urn:li:fs_miniProfile:ACoAABD0568B1-V4kK5C7BWYweic8XLJT1c6HwI\" data-entity-type=\"MINI_PROFILE\" target=\"_blank\" rel=\"noopener\">Christophe Rodriguez<\/a><span>\u00a0Claire Visali\u00a0<\/span><a href=\"https:\/\/www.linkedin.com\/in\/ACoAAAPzyNABa1-GwjQV2NXhIODShmKyehIARqU\" data-attribute-index=\"22\" data-entity-hovercard-id=\"urn:li:fs_miniProfile:ACoAAAPzyNABa1-GwjQV2NXhIODShmKyehIARqU\" data-entity-type=\"MINI_PROFILE\" target=\"_blank\" rel=\"noopener\">Daniel Schoen<\/a><span>\u00a0<\/span><a href=\"https:\/\/www.linkedin.com\/in\/ACoAAAm5L6EB_s6XZ5mabtMsjhqpjfLH3YmUmtI\" data-attribute-index=\"24\" data-entity-hovercard-id=\"urn:li:fs_miniProfile:ACoAAAm5L6EB_s6XZ5mabtMsjhqpjfLH3YmUmtI\" data-entity-type=\"MINI_PROFILE\" target=\"_blank\" rel=\"noopener\">Charles P.<\/a><span>\u00a0<\/span><a href=\"https:\/\/www.linkedin.com\/in\/ACoAAC_YvCYBxkFUQTtt39fslKmacf5BHvI9Ydg\" data-attribute-index=\"26\" data-entity-hovercard-id=\"urn:li:fs_miniProfile:ACoAAC_YvCYBxkFUQTtt39fslKmacf5BHvI9Ydg\" data-entity-type=\"MINI_PROFILE\" target=\"_blank\" rel=\"noopener\">Samir GUEROUALI<\/a><span>\u00a0<\/span><a href=\"https:\/\/www.linkedin.com\/in\/ACoAACct4NcBveqHvGodocmwAxwyGgQ_BGHCZAs\" data-attribute-index=\"28\" data-entity-hovercard-id=\"urn:li:fs_miniProfile:ACoAACct4NcBveqHvGodocmwAxwyGgQ_BGHCZAs\" data-entity-type=\"MINI_PROFILE\" target=\"_blank\" rel=\"noopener\">Frank Mathis<\/a><span>\u00a0<\/span><a href=\"https:\/\/www.linkedin.com\/in\/ACoAABU7alAB3twvnXpaHIgQGeST_G3Jse4RwWQ\" data-attribute-index=\"30\" data-entity-hovercard-id=\"urn:li:fs_miniProfile:ACoAABU7alAB3twvnXpaHIgQGeST_G3Jse4RwWQ\" data-entity-type=\"MINI_PROFILE\" target=\"_blank\" rel=\"noopener\">Pascal Toussaint<\/a><span>\u00a0<\/span><a href=\"https:\/\/www.linkedin.com\/in\/ACoAACATclcBVLAMl9qEPN05NZaknNscIySphE4\" data-attribute-index=\"32\" data-entity-hovercard-id=\"urn:li:fs_miniProfile:ACoAACATclcBVLAMl9qEPN05NZaknNscIySphE4\" data-entity-type=\"MINI_PROFILE\" target=\"_blank\" rel=\"noopener\">Charly De laage<\/a><span>\u00a0<\/span><a href=\"https:\/\/www.linkedin.com\/in\/ACoAAAc_J0sB8vHICUTlv2v3WDUUqDKSd-MCNzA\" data-attribute-index=\"34\" data-entity-hovercard-id=\"urn:li:fs_miniProfile:ACoAAAc_J0sB8vHICUTlv2v3WDUUqDKSd-MCNzA\" data-entity-type=\"MINI_PROFILE\" target=\"_blank\" rel=\"noopener\">Mathilde Carnet<\/a><span>\u00a0<\/span><a href=\"https:\/\/www.linkedin.com\/in\/ACoAABuEVLABMIIeVSVdOssktSEWF6rkRW8t3JE\" data-attribute-index=\"36\" data-entity-hovercard-id=\"urn:li:fs_miniProfile:ACoAABuEVLABMIIeVSVdOssktSEWF6rkRW8t3JE\" data-entity-type=\"MINI_PROFILE\" target=\"_blank\" rel=\"noopener\">Virginie GUERIN<\/a><span>\u00a0<\/span><a href=\"https:\/\/www.linkedin.com\/in\/ACoAAAMcA6MB-Uk8ryG5Se07wbnFAxqkhYZF0n0\" data-attribute-index=\"38\" data-entity-hovercard-id=\"urn:li:fs_miniProfile:ACoAAAMcA6MB-Uk8ryG5Se07wbnFAxqkhYZF0n0\" data-entity-type=\"MINI_PROFILE\" target=\"_blank\" rel=\"noopener\">Paul Sachot<\/a><span>. Les intervenants ont apport\u00e9 des informations pr\u00e9cises et des pistes de r\u00e9flexion pour r\u00e9ussir collectivement le challenge multicrit\u00e8re impuls\u00e9 par le RE2020, et la conclusion magistrale de\u00a0<\/span><a href=\"https:\/\/www.linkedin.com\/in\/ACoAABpogy0BwI5iUsxPlVA4mCVbqIttxbNZPRw\" data-attribute-index=\"40\" data-entity-hovercard-id=\"urn:li:fs_miniProfile:ACoAABpogy0BwI5iUsxPlVA4mCVbqIttxbNZPRw\" data-entity-type=\"MINI_PROFILE\" target=\"_blank\" rel=\"noopener\">Bruno GEORGES<\/a><span>\u00a0f\u00fbt magistrale\u00a0!<\/span><br \/>\n<span>Merci\u00a0<\/span><a href=\"https:\/\/www.linkedin.com\/in\/ACoAAAeATCMBTaBW-7L0hPQLaz3uG4Ib78WTetU\" data-attribute-index=\"42\" data-entity-hovercard-id=\"urn:li:fs_miniProfile:ACoAAAeATCMBTaBW-7L0hPQLaz3uG4Ib78WTetU\" data-entity-type=\"MINI_PROFILE\" target=\"_blank\" rel=\"noopener\">Micka\u00ebl de Chalendar<\/a><span>\u00a0pour l&rsquo;invitation\u00a0pour l\u2019organisation de cet \u00e9v\u00e8nement\u00a0!<\/span><\/p>\n<p><a href=\"https:\/\/www.linkedin.com\/feed\/hashtag\/?keywords=saintgobain&amp;highlightedUpdateUrns=urn%3Ali%3Aactivity%3A6942358382188101633\" data-attribute-index=\"44\" target=\"_blank\" rel=\"noopener\">#SaintGobain<\/a><span>\u00a0<\/span><a href=\"https:\/\/www.linkedin.com\/feed\/hashtag\/?keywords=solargard&amp;highlightedUpdateUrns=urn%3Ali%3Aactivity%3A6942358382188101633\" data-attribute-index=\"45\" target=\"_blank\" rel=\"noopener\">#SolarGard<\/a><span>\u00a0<\/span><a href=\"https:\/\/www.linkedin.com\/feed\/hashtag\/?keywords=amerliorerlesperformanceduverreexistant&amp;highlightedUpdateUrns=urn%3Ali%3Aactivity%3A6942358382188101633\" data-attribute-index=\"46\" target=\"_blank\" rel=\"noopener\">#AmerliorerLesPerformanceDuVerreExistant<\/a><span>\u00a0<\/span><a href=\"https:\/\/www.linkedin.com\/feed\/hashtag\/?keywords=donnezunesecondevieauxobjets&amp;highlightedUpdateUrns=urn%3Ali%3Aactivity%3A6942358382188101633\" data-attribute-index=\"47\" target=\"_blank\" rel=\"noopener\">#DonnezUneSecondeVieAuxObjets<\/a><span>\u00a0<\/span><a href=\"https:\/\/www.linkedin.com\/feed\/hashtag\/?keywords=filmsdehautetechnologie&amp;highlightedUpdateUrns=urn%3Ali%3Aactivity%3A6942358382188101633\" data-attribute-index=\"48\" target=\"_blank\" rel=\"noopener\">#FilmsDeHauteTechnologie<\/a><\/p>\n","protected":false},"excerpt":{"rendered":"<p>\u00a0 Solar Gard invit\u00e9 par SAINT-GOBAIN SOLUTIONS France. \u00a0 Ludovic TORTOSA\u00a0et\u00a0Claude VERNIORY\u00a0ont eu le plaisir d\u2019assister \u00e0 cette grande r\u00e9union organis\u00e9e par\u00a0Saint-Gobain. Apr\u00e8s les conf\u00e9rences, ils ont expliqu\u00e9 aux visiteurs qu\u2019il est possible d\u2019am\u00e9liorer le confort d\u2019\u00e9t\u00e9 des vitrages \u00e0 l\u2019aide des films de haute technologie Solar Gard. C\u2019est une solution totalement dans l\u2019air du &hellip; <a href=\"https:\/\/www.solargard.com\/fr\/blog-fr\/la-reunion-re2020-at-saint-gobain-solutions\/\">Continued<\/a><\/p>\n","protected":false},"author":3,"featured_media":97177,"comment_status":"open","ping_status":"open","sticky":false,"template":"","format":"standard","meta":{"_acf_changed":false,"footnotes":""},"categories":[2],"tags":[],"class_list":["post-97176","post","type-post","status-publish","format-standard","has-post-thumbnail","hentry","category-blog-fr"],"acf":[],"_links":{"self":[{"href":"https:\/\/www.solargard.com\/fr\/wp-json\/wp\/v2\/posts\/97176","targetHints":{"allow":["GET"]}}],"collection":[{"href":"https:\/\/www.solargard.com\/fr\/wp-json\/wp\/v2\/posts"}],"about":[{"href":"https:\/\/www.solargard.com\/fr\/wp-json\/wp\/v2\/types\/post"}],"author":[{"embeddable":true,"href":"https:\/\/www.solargard.com\/fr\/wp-json\/wp\/v2\/users\/3"}],"replies":[{"embeddable":true,"href":"https:\/\/www.solargard.com\/fr\/wp-json\/wp\/v2\/comments?post=97176"}],"version-history":[{"count":0,"href":"https:\/\/www.solargard.com\/fr\/wp-json\/wp\/v2\/posts\/97176\/revisions"}],"wp:featuredmedia":[{"embeddable":true,"href":"https:\/\/www.solargard.com\/fr\/wp-json\/wp\/v2\/media\/97177"}],"wp:attachment":[{"href":"https:\/\/www.solargard.com\/fr\/wp-json\/wp\/v2\/media?parent=97176"}],"wp:term":[{"taxonomy":"category","embeddable":true,"href":"https:\/\/www.solargard.com\/fr\/wp-json\/wp\/v2\/categories?post=97176"},{"taxonomy":"post_tag","embeddable":true,"href":"https:\/\/www.solargard.com\/fr\/wp-json\/wp\/v2\/tags?post=97176"}],"curies":[{"name":"wp","href":"https:\/\/api.w.org\/{rel}","templated":true}]}}