{"id":103695,"date":"2025-01-23T00:19:51","date_gmt":"2025-01-23T08:19:51","guid":{"rendered":"https:\/\/www.solargard.com\/?p=103695"},"modified":"2025-11-27T04:51:22","modified_gmt":"2025-11-27T12:51:22","slug":"boverkets-nya-regler-for-glassakerhet-i-skolor","status":"publish","type":"post","link":"https:\/\/www.solargard.com\/sv\/blog-sv\/nyheter\/boverkets-nya-regler-for-glassakerhet-i-skolor\/","title":{"rendered":"Arbetsmilj\u00f6verkets nya glass\u00e4kerhetsregler i skolor"},"content":{"rendered":"<h2 style=\"text-align: center;\"><span>Kostnadseffektiv s\u00e4kerhets-uppgradering av era glas enligt Arbetsmilj\u00f6verkets krav!<\/span><\/h2>\n<p><img loading=\"lazy\" decoding=\"async\" class=\"wp-image-103915 size-full aligncenter\" src=\"https:\/\/www.solargard.com\/wp-content\/uploads\/2025\/01\/APR2025-sol-sakerhet-email-EC-invitation-email-2025-.jpg\" alt=\"\" width=\"740\" height=\"765\" srcset=\"https:\/\/www.solargard.com\/wp-content\/uploads\/2025\/01\/APR2025-sol-sakerhet-email-EC-invitation-email-2025-.jpg 740w, https:\/\/www.solargard.com\/wp-content\/uploads\/2025\/01\/APR2025-sol-sakerhet-email-EC-invitation-email-2025--290x300.jpg 290w, https:\/\/www.solargard.com\/wp-content\/uploads\/2025\/01\/APR2025-sol-sakerhet-email-EC-invitation-email-2025--92x95.jpg 92w, https:\/\/www.solargard.com\/wp-content\/uploads\/2025\/01\/APR2025-sol-sakerhet-email-EC-invitation-email-2025--600x620.jpg 600w\" sizes=\"auto, (max-width: 740px) 100vw, 740px\" \/><\/p>\n<h1 style=\"text-align: center;\"><span>N\u00e4r gjorde ni en kontroll av<br \/>\nera glas enligt SAM senast?<\/span><\/h1>\n<h3 style=\"text-align: center;\"><span>M\u00f6ter er arbetsplats de krav p\u00e5<br \/>\ns\u00e4kra glas som g\u00e4ller idag?<\/span><\/h3>\n<p style=\"text-align: center;\"><span>Glasytor d\u00e4r l\u00e4rare och elever r\u00f6r sig skall vara s\u00e4krade enligt AFS2023:12.<br \/>\n<\/span><span>\u00c4r detta infe fallet, skall en handlingsplan l\u00e4ggas fram f\u00f6r detta enligt ert systematiska arbetsmilj\u00f6arbete \u201dSAM\u201d.<\/span><\/p>\n<p style=\"text-align: center;\"><strong><a href=\"https:\/\/www.av.se\/globalassets\/filer\/publikationer\/foreskrifter\/utformning-av-arbetsplatser-afs2023-12.pdf\" target=\"_blank\" rel=\"noopener\">Se Arbetsmilj\u00f6verkets nya regler<\/a><\/strong><\/p>\n<p><img loading=\"lazy\" decoding=\"async\" class=\"wp-image-103914 size-full aligncenter\" src=\"https:\/\/www.solargard.com\/wp-content\/uploads\/2025\/01\/150-CM-ARBETSMILJOVERKET-SKOLA.jpg\" alt=\"\" width=\"750\" height=\"570\" srcset=\"https:\/\/www.solargard.com\/wp-content\/uploads\/2025\/01\/150-CM-ARBETSMILJOVERKET-SKOLA.jpg 750w, https:\/\/www.solargard.com\/wp-content\/uploads\/2025\/01\/150-CM-ARBETSMILJOVERKET-SKOLA-300x228.jpg 300w, https:\/\/www.solargard.com\/wp-content\/uploads\/2025\/01\/150-CM-ARBETSMILJOVERKET-SKOLA-125x95.jpg 125w, https:\/\/www.solargard.com\/wp-content\/uploads\/2025\/01\/150-CM-ARBETSMILJOVERKET-SKOLA-600x456.jpg 600w\" sizes=\"auto, (max-width: 750px) 100vw, 750px\" \/><\/p>\n<p>&nbsp;<\/p>\n<hr \/>\n<h4>VARF\u00d6R V\u00c4LJA ARMORCOAT\u00ae?<\/h4>\n<p><span>\u2714 <\/span><span>S\u00e4kerhetsfilm fr\u00e5n glasexperten Saint-Gobain SolarGard\u200b<\/span><\/p>\n<p><span>\u2714 <\/span><span>En optisk\u00a0klar s\u00e4kerhetsfilm som monteras p\u00e5 befintliga glas!<\/span><\/p>\n<p><span>\u2714 <\/span><span>G\u00f6r\u00a0att glaset uppfyller de persons\u00e4kerhetskrav\u00a0som kr\u00e4vs enligt <\/span><a href=\"https:\/\/www.av.se\/globalassets\/filer\/publikationer\/foreskrifter\/utformning-av-arbetsplatser-afs2023-12.pdf\" target=\"_blank\" rel=\"noopener noreferrer\" data-link-type=\"web\">AFS 2023:12, kapitel 6 \u00a711<\/a><span>,<\/span><span> <\/span><span> 2(B)2, SS-EN12600.<\/span><\/p>\n<p>&nbsp;<\/p>\n<h4>L\u00c5T ARMORCOAT\u00ae S\u00c4KERHETSFILM TA SM\u00c4LLEN:<\/h4>\n<p><a class=\"piwik_ignore docu-stats-event\" href=\"https:\/\/www.youtube.com\/watch?v=-T577GcW5-g\" target=\"_blank\" rel=\"nofollow noopener\" data-tableid=\"281\" data-recordid=\"404726\" data-companyid=\"80686\" data-recordname=\"Armorcoat\u00ae s\u00e4kerhetsfilm s\u00e4krar dina befintliga...\" data-actionid=\"4\" data-url=\"https:\/\/youtu.be\/-t577gcw5-g?si=07tmz3gvce8wbnyr\">Armorcoat\u00ae stoppar smash-and-grab<\/a><br \/>\n<a class=\"piwik_ignore docu-stats-event\" href=\"https:\/\/youtu.be\/iKHaaxk4XjA\" target=\"_blank\" rel=\"nofollow noopener\" data-tableid=\"281\" data-recordid=\"404726\" data-companyid=\"80686\" data-recordname=\"Armorcoat\u00ae s\u00e4kerhetsfilm s\u00e4krar dina befintliga...\" data-actionid=\"4\" data-url=\"https:\/\/youtu.be\/ikhaaxk4xja\">Armorcoat g\u00f6r skillnad!<\/a><br \/>\n<a class=\"piwik_ignore docu-stats-event\" href=\"https:\/\/youtu.be\/mxNI73zZ0AI\" target=\"_blank\" rel=\"nofollow noopener\" data-tableid=\"281\" data-recordid=\"404726\" data-companyid=\"80686\" data-recordname=\"Armorcoat\u00ae s\u00e4kerhetsfilm s\u00e4krar dina befintliga...\" data-actionid=\"4\" data-url=\"https:\/\/youtu.be\/mxni73zz0ai\"> Armorcoat skyddar dig<\/a><br \/>\n<a class=\"piwik_ignore docu-stats-event\" href=\"https:\/\/www.solargard.com\/sv\/sakerhet-skolor\/\" target=\"_blank\" rel=\"nofollow noopener\" data-tableid=\"281\" data-recordid=\"404726\" data-companyid=\"80686\" data-recordname=\"Armorcoat\u00ae s\u00e4kerhetsfilm s\u00e4krar dina befintliga...\" data-actionid=\"4\" data-url=\"http:\/\/www.solargard.com\/school-safety\/\">www.solargard.com\/school-safety\/<\/a><\/p>\n<p><a href=\"https:\/\/www.solargard.com\/sv\/komfort-i-hus-och-hem\/hem-och-foretag\/sakerhetsfilm\/\" target=\"_blank\" rel=\"noopener\">L\u00e4s mer om S\u00e4kerhetsfilm<\/a><\/p>\n<p>&nbsp;<\/p>\n<hr \/>\n<p>Har du fr\u00e5gor, funderingar eller bara vill r\u00e5dfr\u00e5ga?<\/p>\n<p>Tveka inte att kontakta oss!<\/p>\n<p>Emanuel Carlsson, 070-748 31 30<br \/>\n<a href=\"mailto:emanuel.carlsson@saint-gobain.com\" target=\"_blank\" rel=\"noopener\">emanuel.carlsson@saint-gobain.com<\/a><\/p>\n<p>Niklas Falck<br \/>\n<a href=\"mailto:niklas.falck@saint-gobain.com\" target=\"_blank\" rel=\"noopener\">niklas.falck@saint-gobain.com<\/a><\/p>\n<p>0175-748 80 <a href=\"mailto:nordicinfo@saint-gobain.com\" target=\"_blank\" rel=\"noopener\">nordicinfo@saint-gobain.com<\/a><\/p>\n<p>&nbsp;<\/p>\n","protected":false},"excerpt":{"rendered":"<p>Kostnadseffektiv s\u00e4kerhets-uppgradering av era glas enligt Arbetsmilj\u00f6verkets krav! N\u00e4r gjorde ni en kontroll av era glas enligt SAM senast? M\u00f6ter er arbetsplats de krav p\u00e5 s\u00e4kra glas som g\u00e4ller idag? Glasytor d\u00e4r l\u00e4rare och elever r\u00f6r sig skall vara s\u00e4krade enligt AFS2023:12. \u00c4r detta infe fallet, skall en handlingsplan l\u00e4ggas fram f\u00f6r detta enligt ert &hellip; <a href=\"https:\/\/www.solargard.com\/sv\/blog-sv\/nyheter\/boverkets-nya-regler-for-glassakerhet-i-skolor\/\">Continued<\/a><\/p>\n","protected":false},"author":3,"featured_media":103696,"comment_status":"open","ping_status":"open","sticky":false,"template":"","format":"standard","meta":{"_acf_changed":false,"footnotes":""},"categories":[748],"tags":[],"class_list":["post-103695","post","type-post","status-publish","format-standard","has-post-thumbnail","hentry","category-nyheter"],"acf":[],"_links":{"self":[{"href":"https:\/\/www.solargard.com\/sv\/wp-json\/wp\/v2\/posts\/103695","targetHints":{"allow":["GET"]}}],"collection":[{"href":"https:\/\/www.solargard.com\/sv\/wp-json\/wp\/v2\/posts"}],"about":[{"href":"https:\/\/www.solargard.com\/sv\/wp-json\/wp\/v2\/types\/post"}],"author":[{"embeddable":true,"href":"https:\/\/www.solargard.com\/sv\/wp-json\/wp\/v2\/users\/3"}],"replies":[{"embeddable":true,"href":"https:\/\/www.solargard.com\/sv\/wp-json\/wp\/v2\/comments?post=103695"}],"version-history":[{"count":0,"href":"https:\/\/www.solargard.com\/sv\/wp-json\/wp\/v2\/posts\/103695\/revisions"}],"wp:featuredmedia":[{"embeddable":true,"href":"https:\/\/www.solargard.com\/sv\/wp-json\/wp\/v2\/media\/103696"}],"wp:attachment":[{"href":"https:\/\/www.solargard.com\/sv\/wp-json\/wp\/v2\/media?parent=103695"}],"wp:term":[{"taxonomy":"category","embeddable":true,"href":"https:\/\/www.solargard.com\/sv\/wp-json\/wp\/v2\/categories?post=103695"},{"taxonomy":"post_tag","embeddable":true,"href":"https:\/\/www.solargard.com\/sv\/wp-json\/wp\/v2\/tags?post=103695"}],"curies":[{"name":"wp","href":"https:\/\/api.w.org\/{rel}","templated":true}]}}